{"id":561,"date":"2022-09-29T20:01:36","date_gmt":"2022-09-29T20:01:36","guid":{"rendered":"https:\/\/www.steminnature.online\/?p=561"},"modified":"2022-09-29T20:01:38","modified_gmt":"2022-09-29T20:01:38","slug":"the-second-international-meeting-of-project-partners-took-place-in-lithuania-on-2022-09-05-2022-09-09","status":"publish","type":"post","link":"https:\/\/www.steminnature.online\/lt\/2022\/09\/29\/the-second-international-meeting-of-project-partners-took-place-in-lithuania-on-2022-09-05-2022-09-09\/","title":{"rendered":"2022-09-05 \u2013 2022-09-09 Lietuvoje \u012fvyko antrasis tarptautinis projekto partneri\u0173 susitikimas."},"content":{"rendered":"<p>Pirma diena<\/p>\n\n\n\n<p>Prasid\u0117jo antrasis tarptautinis projekto partneri\u0173 susitikimas. Lietuva sulauk\u0117 sve\u010di\u0173 i\u0161 Turkijos (Denizciler Mustafa Kemal Ilkokulu), \u0160iaur\u0117s Makedonijos (OJUDG Seventh Septemvri) ir Estijos (Kohtla-J\u00e4rve Lasteaed Tareke). Plung\u0117s lop\u0161elis-dar\u017eelis \u201eVytur\u0117lis\u201c (Lietuva) vykd\u0117 veiklas tema \u201eAugal\u0173 stiebas\u201c.<\/p>\n\n\n\n<p>Pirm\u0105j\u0105 dien\u0105 sve\u010dius sveikino \u012fstaigos direktor\u0117 A. Baltuonien\u0117, Plung\u0117s rajono savivaldyb\u0117s \u0160vietimo, kult\u016bros ir sporto skyriaus ved\u0117jas G. Rimeikis ir vyriausioji specialist\u0117 D. Va\u0161kien\u0117. Skyriaus ved\u0117ja trumpai pristat\u0117 \u0161vietimo sistem\u0105 ir su pasidid\u017eiavimu informavo, kad tai pirmoji ikimokyklinio ugdymo \u012fstaiga rajone, vykdanti tok\u012f tarptautin\u012f projekt\u0105. Projekto partneriai steb\u0117jo ir dalyvavo u\u017esi\u0117mimuose \u201e\u017doleli\u0173\u201c tema, kur\u012f organizavo mokytoja A. \u0160etkauskien\u0117 ir jos mokini\u0173 grup\u0117. Kra\u0161totvarkos specialist\u0117 supa\u017eindino su \u012fvairiomis \u017eolel\u0117mis, pasakojo apie j\u0173 naud\u0105. Po u\u017esi\u0117mimo projekto partneriai ap\u017ei\u016br\u0117jo \u012fstaigos vidaus ir lauko erdves. Pirmoji diena baig\u0117si ekskursija \u012f Energetini\u0173 labirint\u0173 ir geometrini\u0173 form\u0173 park\u0105.<\/p>\n\n\n\nngg_shortcode_0_placeholder\n\n\n\n<p>Antra diena<\/p>\n\n\n\n<p>Ankstyvas antrosios projekto dienos rytas prasid\u0117jo aktyvia mokytojos A. Norvai\u0161ien\u0117s mank\u0161ta.<\/p>\n\n\n\n<p>Po sporto projekto partneriai buvo pakviesti dalyvauti mokytojos A. \u0160arkauskien\u0117s su savo mokini\u0173 grupe organizuotame u\u017esi\u0117mime \u201eAugalas mus puo\u0161ia\u201c. Nat\u016bral\u016bs da\u017eai i\u0161 dar\u017eovi\u0173 ir vaisi\u0173 buvo sukurti ir naudojami lininiams audiniams da\u017eyti. V\u0117liau i\u0161 jo buvo gaminami mai\u0161eliai arbatai.<\/p>\n\n\n\n<p>Po u\u017esi\u0117mimo projekto partneriai lank\u0117si Plung\u0117s lop\u0161elyje-dar\u017eelyje \u201eNyk\u0161tukas\u201c. Sve\u010dius pasveikino ir \u012fstaigos darb\u0105 pristat\u0117 lop\u0161elio-dar\u017eelio direktor\u0117 V. Einikien\u0117.<\/p>\n\n\n\n<p>Po vizito projekto partneriai dalyvavo edukacijoje \u201eLino takas \u2013 nuo s\u0117klos iki ra\u0161tuoto audinio\u201c Tel\u0161iuose. Dien\u0105 u\u017ebaig\u0117 ekskursija po \u017demaitijos sostin\u0119.<\/p>\n\n\n\nngg_shortcode_1_placeholder\n\n\n\n<p>Tre\u010dia diena<\/p>\n\n\n\n<p>Tre\u010dioji projekto diena prasid\u0117jo apsilankymu Plung\u0117s \u201eSaul\u0117s\u201c gimnazijoje. \u012estaigos direktorius A. Budrys pristat\u0117 darbus ir pasiekimus STEAM ugdymo srityje. Chemijos mokytoja S. \u017dilinskien\u0117 ir biologijos mokytoja D. Dauk\u0161ien\u0117 pristat\u0117 STEAM klas\u0119 ir laboratorij\u0105.<\/p>\n\n\n\n<p>Po vizito projekto partneriai dalyvavo mokytojos D. \u017dalandauskien\u0117s ir jos mokini\u0173 grup\u0117s organizuotose veiklose tema \u201eMed\u017eiai\u201c.<\/p>\n\n\n\n<p>Dien\u0105 t\u0119s\u0117me supa\u017eindindami projekto partnerius su Plung\u0117s miesto lankytinomis vietomis \u2013 Vie\u0161\u0105ja biblioteka, M. Oginskio dvaru ir miesto parku. Tre\u010di\u0105 m\u016bs\u0173 projekto dien\u0105 komanda i\u0161 \u0160iaur\u0117s Makedonijos \u0161vent\u0117 savo institucijos (OJUDG Seventh Septemvri) 45-met\u012f. Visi nuo\u0161ird\u017eiai palink\u0117jome jiems gimtadienio.<\/p>\n\n\n\nngg_shortcode_2_placeholder\n\n\n\n<p>Ketvirta diena<\/p>\n\n\n\n<p>Ketvirt\u0105j\u0105 projekto dien\u0105 sve\u010diai buvo pakviesti dalyvauti mokytojos D. Zabitien\u0117s ir jos mokini\u0173 grup\u0117s organizuotame u\u017esi\u0117mime \u201eAugalai mus maitina\u201c. Vaikai su\u017einojo, kad daugiausia maistini\u0173 med\u017eiag\u0173 gauna valgydami dar\u017eoves, vaisius ir uogas. Skanias vaisi\u0173 \u201evaivoryk\u0161tes\u201c k\u016br\u0117 ir ragavo visi u\u017esi\u0117mimo dalyviai.<\/p>\n\n\n\n<p>Po u\u017esi\u0117mimo projekto partneriai buvo pakviesti pasidalinti mokymo patirtimi, id\u0117jomis tema \u201eAugalai\u201c. Pristatymus pareng\u0117 mokytojos: A. \u0160etkauskien\u0117 (Plung\u0117s lop\u0161elis-dar\u017eelis \u201eVytur\u0117lis\u201c, Lietuva), R. Akyol (Denizciler Mustafa Kemal Ilkokulu, Turkija), J. Pavlova (Kohtla-J\u00e4rve Lasteaed Tareke, Estija), S. Stamenkovska ( OJUDG Seventh Septemvri, N. Makedonija).<\/p>\n\n\n\n<p>V\u0117liau projekto dalyviai lank\u0117si Plung\u0117s \u0160v.Jono Krik\u0161tytojo ba\u017eny\u010dioje ir Plung\u0117s kult\u016bros centre. Vakare lop\u0161elio-dar\u017eelio \u201eVytur\u0117lis\u201c bendruomen\u0117 su projekto partneriais keliavo \u012f Palang\u0105 ir g\u0117r\u0117josi Baltijos j\u016bros pakrante.<\/p>\n\n\n\nngg_shortcode_3_placeholder\n\n\n\n<p>Penkta diena<\/p>\n\n\n\n<p>Paskutin\u0119 savo projekto dien\u0105 prad\u0117jome apsilankymu pas Plung\u0117s savivaldyb\u0117s mer\u0105 A. Kli\u0161on\u012f. Sve\u010diams meras trumpai papasakojo apie Plung\u0117s miest\u0105 ir pad\u0117kojo u\u017e \u012fdom\u0173 projekt\u0105. Po vizito Plung\u0117s savivaldyb\u0117s \u0160vietimo, kult\u016bros ir sporto skyriaus ved\u0117jas G. Rimeikis su Plung\u0117s lop\u0161elio-dar\u017eelio \u201eVytur\u0117lis\u201c direktore A. Baltuoniene kiekvienam projekto partneriui \u012fteik\u0117 pa\u017eym\u0117jimus.<\/p>\n\n\n\n<p>V\u0117liau mokytoja L. Valu\u017eien\u0117 su mokini\u0173 grupe pakviet\u0117 sve\u010dius \u012f paskutin\u0119 veikl\u0105 \u201eNuo s\u0117klos iki augalo\u201c. U\u017esi\u0117mimo metu buvo sukurtas bendras plakatas \u201eObel\u0117s augimo ciklas\u201c. Jis buvo nuda\u017eytas nat\u016braliais da\u017eais.<\/p>\n\n\n\n<p>Paskutin\u0117s dienos pabaigoje buvo pasodinta obelis \u2013 \u0161ios savait\u0117s veiklos simbolis.<\/p>\n\n\n\nngg_shortcode_4_placeholder\n\n\n\n<p>Antrasis tarptautinis susitikimas Lietuvoje mums, kaip \u0161aliai, buvo kupinas nauj\u0173 puiki\u0173 patir\u010di\u0173. Esame labai d\u0117kingi u\u017e aktyv\u0173 dalyvavim\u0105, nuo\u0161ird\u0173 bendravim\u0105 ir bendradarbiavim\u0105.<\/p>\n\n\n\n<p>Tre\u010diasis m\u016bs\u0173 tarptautinis projekto susitikimas prasideda gruod\u017eio 5 d. Turkijoje.<\/p>","protected":false},"excerpt":{"rendered":"<p>Day 1 The second international meeting of project partners has started. Lithuania welcomed guests from Turkey (Denizciler Mustafa Kemal Ilkokulu), North Macedonia (OJUDG Seventh Septemvri) and Estonia (Kohtla-J\u00e4rve Lasteaed Tareke). The Plung\u0117 kindergarten &#8220;Vytur\u0117lis&#8221; (Lithuania) carried out activities on the topic &#8220;STEM of Plants&#8221;. On the first day, the guests were greeted by the director&#8230;<\/p>","protected":false},"author":1,"featured_media":1219,"comment_status":"open","ping_status":"open","sticky":false,"template":"","format":"standard","meta":{"ngg_post_thumbnail":0,"footnotes":""},"categories":[7],"tags":[],"class_list":["post-561","post","type-post","status-publish","format-standard","has-post-thumbnail","hentry","category-lithuania"],"aioseo_notices":[],"_links":{"self":[{"href":"https:\/\/www.steminnature.online\/lt\/wp-json\/wp\/v2\/posts\/561","targetHints":{"allow":["GET"]}}],"collection":[{"href":"https:\/\/www.steminnature.online\/lt\/wp-json\/wp\/v2\/posts"}],"about":[{"href":"https:\/\/www.steminnature.online\/lt\/wp-json\/wp\/v2\/types\/post"}],"author":[{"embeddable":true,"href":"https:\/\/www.steminnature.online\/lt\/wp-json\/wp\/v2\/users\/1"}],"replies":[{"embeddable":true,"href":"https:\/\/www.steminnature.online\/lt\/wp-json\/wp\/v2\/comments?post=561"}],"version-history":[{"count":1,"href":"https:\/\/www.steminnature.online\/lt\/wp-json\/wp\/v2\/posts\/561\/revisions"}],"predecessor-version":[{"id":1220,"href":"https:\/\/www.steminnature.online\/lt\/wp-json\/wp\/v2\/posts\/561\/revisions\/1220"}],"wp:featuredmedia":[{"embeddable":true,"href":"https:\/\/www.steminnature.online\/lt\/wp-json\/wp\/v2\/media\/1219"}],"wp:attachment":[{"href":"https:\/\/www.steminnature.online\/lt\/wp-json\/wp\/v2\/media?parent=561"}],"wp:term":[{"taxonomy":"category","embeddable":true,"href":"https:\/\/www.steminnature.online\/lt\/wp-json\/wp\/v2\/categories?post=561"},{"taxonomy":"post_tag","embeddable":true,"href":"https:\/\/www.steminnature.online\/lt\/wp-json\/wp\/v2\/tags?post=561"}],"curies":[{"name":"wp","href":"https:\/\/api.w.org\/{rel}","templated":true}]}}