{"id":164,"date":"2022-08-25T18:59:44","date_gmt":"2022-08-25T18:59:44","guid":{"rendered":"https:\/\/www.steminnature.online\/?p=164"},"modified":"2022-08-29T08:21:58","modified_gmt":"2022-08-29T08:21:58","slug":"the-first-meeting-of-project-partners-took-place-in-north-macedonia-on-16-20-may","status":"publish","type":"post","link":"https:\/\/www.steminnature.online\/lt\/2022\/08\/25\/the-first-meeting-of-project-partners-took-place-in-north-macedonia-on-16-20-may\/","title":{"rendered":"Pirmasis projekto partneri\u0173 susitikimas \u012fvyko \u0160iaur\u0117s Makedonijoje gegu\u017e\u0117s 16-20 dienomis"},"content":{"rendered":"<p class=\"has-text-align-center\">Pirma diena<\/p>\n\n\n\n<p>Pehcevo lop\u0161elio-dar\u017eelio \u201e7 Septemvri\u201c vadov\u0117 Vaska Simovska pasveikino projekto partnerius i\u0161 Turkijos, Lietuvos, Estijos ir supa\u017eindino su \u0161alies \u0161vietimo sistema. Projekto partneriai buvo supa\u017eindinti su savait\u0117s veiklos planu. 5-6 met\u0173 vaik\u0173 grup\u0117 kartu su mokytojomis demonstravo veiklas apie popieriaus perdirbim\u0105, r\u016b\u0161iavim\u0105, organini\u0173 atliek\u0173 kompostavim\u0105. Projekto partneriai lank\u0117si Pehcevo savivaldyb\u0117je, kur mus pasitiko meras Aleksandras Kitanskis. Projekto dalyviai diskutavo apie \u0161ali\u0173 \u0161vietimo sistem\u0173 ypatumus, buvo supa\u017eindinti su regiono autentika. Buvome pakviesti \u012f \u201eJane Sndanski\u201c kult\u016bros namus ir ap\u017ei\u016br\u0117jome mokini\u0173 sukurt\u0105 \u201eRetrospektyvin\u0119 g\u0117li\u0173 parod\u0105\u201c, susipa\u017einome su tradiciniais kra\u0161to simboliais ir kult\u016bros paveldu.<\/p>\n\n\n\n<div class=\"wp-block-group\"><div class=\"wp-block-group__inner-container is-layout-flow wp-block-group-is-layout-flow\">\nngg_shortcode_0_placeholder\n<\/div><\/div>\n\n\n\n<p class=\"has-text-align-center\">Antra diena<\/p>\n\n\n\n<p>Projekto partneriai steb\u0117jo veikl\u0105 Crnik kaimo dar\u017eelyje. Spektakl\u012f \u201eNetrukdykime savo pasauliui\u201c pristat\u0117 3-6 met\u0173 mokiniai, pasipuo\u0161\u0119 kostiumais i\u0161 atliek\u0173. Po spektaklio buvome pakviesti dalyvauti veikloje. Antr\u0105 kart\u0105 panaudodami atliekas, mokiniai sukonstravo lizd\u0105 pauk\u0161\u010diams ir urv\u0105 lokiui. Buvome supa\u017eindinti su ugdomosios veiklos planavimu ir vertinimo sistema, aptar\u0117me pana\u0161umus ir skirtumus. Steb\u0117j\u0119 edukacin\u012f proces\u0105, aplank\u0117me Ravna Rekos krioklius.<\/p>\n\n\n\nngg_shortcode_1_placeholder\n\n\n\n<p class=\"has-text-align-center\">Tre\u010dia diena<\/p>\n\n\n\n<p> Projekto partneriai kartu su 5-6 met\u0173 vaikais ir j\u0173 mokytojais lank\u0117si Negrevo kaimo gamtosaugos edukaciniame centre. Vaikai buvo mokomi atsakingo elgesio gamtoje. Centro darbuotojai pristat\u0117 \u012fstaigos darb\u0105 ir paskirt\u012f bei aprod\u0117 ekspozicijas. Visi projekto dalyviai pristat\u0117 savo mokyklas, nuveiktus darbus temos srityje, kalb\u0117jo apie ateities planus d\u0117l perdirbimo. I\u0161klaus\u0119 prane\u0161imus, dalyvavome dekupa\u017eo mokymuose (stikliniai buteliai buvo pakartotinai naudojami vazoms kurti). Po piet\u0173 m\u016bs\u0173 lauk\u0117 i\u0161vyka prie Berovo e\u017eero, susipa\u017einta su vietov\u0117s flora ir fauna.<\/p>\n\n\n\nngg_shortcode_2_placeholder\n\n\n\n<p class=\"has-text-align-center\">Ketvirta diena<\/p>\n\n\n\n<p> Rengin\u012f dar\u017eelinukai prad\u0117jo ekologiniu himnu \u201eEkologai\u201c. Atsisveikinimo \u017eod\u012f tar\u0117 lop\u0161elio-dar\u017eelio vadov\u0117 Vaska Simovska ir miesto meras Aleksandr Kitanski. Visi projekto dalyviai dalijosi \u012fsp\u016bd\u017eiais i\u0161 savait\u0117s veiklos, d\u0117kojo u\u017e sveting\u0105 pri\u0117mim\u0105 ir \u012fgytas \u017einias. \u012eteikti dalyvavimo projekte pa\u017eym\u0117jimai. Po oficialiosios dalies pasivaik\u0161\u010diojome Petko pa\u017eintiniu taku. Susipa\u017einome su \u0161iam kra\u0161tui b\u016bdingais gyv\u016bnais ir augalais. Ap\u017ei\u016br\u0117jome vietin\u012f vabzd\u017eia\u0117d\u012f augal\u0105 apvalialap\u0119 saul\u0117gr\u0105\u017e\u0105 (Drosera Rotundifolia).<\/p>\n\n\n\nngg_shortcode_3_placeholder\n\n\n\n<p class=\"has-text-align-center\">Penkta diena<\/p>\n\n\n\n<p> Paskutin\u0119 projekto dien\u0105 lop\u0161elis-dar\u017eelis \u201e7 Septemvri\u201c pakviet\u0117 mus dalyvauti edukaciniuose u\u017esi\u0117mimuose. Akriliniais da\u017eais tap\u0117me ant perdirbto popieriaus, pagaminto pirm\u0105 susitikimo dien\u0105, po to sureng\u0117me darb\u0173 parod\u0105. Kartu su ma\u017eiausiais vaikais min\u0117jome Tarptautin\u0119 bi\u010di\u0173 dien\u0105. \u0160vent\u0117s metu vaikai pasipuo\u0161\u0117 drabu\u017eiais i\u0161 polietilenini\u0173 mai\u0161eli\u0173, d\u017eiaug\u0117si j\u0173 k\u016briniais, atliko dainel\u0119 apie bites, kviet\u0117 kartu pa\u0161okti rato \u0161ok\u012f. Po u\u017esi\u0117mim\u0173 aplank\u0117me Pehcevo pradin\u0119 mokykl\u0105 \u201eVancho Kitanov\u201c. Mokytojai pristat\u0117 savo klases ir mokymosi priemones. Tada buvome pakviesti \u012f dar\u017eel\u012f \u201eRugpj\u016b\u010dio 23\u201c Berovo mieste. Projekto partnerius maloniai pasitiko dar\u017eelio vadov\u0117, mokytojos ir aukl\u0117tiniai.<\/p>\n\n\n\nngg_shortcode_4_placeholder\n\n\n\n<p>Pirmasis mobilumas \u0160iaur\u0117s Makedonijoje mums visiems buvo puiki patirtis. Esame d\u0117kingi u\u017e sveting\u0105 pri\u0117mim\u0105, \u012fgytas \u017einias ir naujas patirtis. Kitas m\u016bs\u0173 projekto susitikimas numatytas rugs\u0117jo 5-9 dienomis Lietuvoje.<\/p>","protected":false},"excerpt":{"rendered":"<p>Day 1 Vaska Simovska, the headmaster of the &#8220;7 Septemvri&#8221; kindergarten in Pehcevo, greeted the project partners from Turkey, Lithuania, Estonia and introduced the country&#8217;s education system. The project partners were introduced to the activity plan of the week. A group of children aged 5-6, together with teachers, demonstrated activities on paper recycling, sorting, and&#8230;<\/p>","protected":false},"author":1,"featured_media":165,"comment_status":"open","ping_status":"open","sticky":false,"template":"","format":"standard","meta":{"ngg_post_thumbnail":0,"footnotes":""},"categories":[9],"tags":[],"class_list":["post-164","post","type-post","status-publish","format-standard","has-post-thumbnail","hentry","category-north_macedonia"],"aioseo_notices":[],"_links":{"self":[{"href":"https:\/\/www.steminnature.online\/lt\/wp-json\/wp\/v2\/posts\/164","targetHints":{"allow":["GET"]}}],"collection":[{"href":"https:\/\/www.steminnature.online\/lt\/wp-json\/wp\/v2\/posts"}],"about":[{"href":"https:\/\/www.steminnature.online\/lt\/wp-json\/wp\/v2\/types\/post"}],"author":[{"embeddable":true,"href":"https:\/\/www.steminnature.online\/lt\/wp-json\/wp\/v2\/users\/1"}],"replies":[{"embeddable":true,"href":"https:\/\/www.steminnature.online\/lt\/wp-json\/wp\/v2\/comments?post=164"}],"version-history":[{"count":8,"href":"https:\/\/www.steminnature.online\/lt\/wp-json\/wp\/v2\/posts\/164\/revisions"}],"predecessor-version":[{"id":537,"href":"https:\/\/www.steminnature.online\/lt\/wp-json\/wp\/v2\/posts\/164\/revisions\/537"}],"wp:featuredmedia":[{"embeddable":true,"href":"https:\/\/www.steminnature.online\/lt\/wp-json\/wp\/v2\/media\/165"}],"wp:attachment":[{"href":"https:\/\/www.steminnature.online\/lt\/wp-json\/wp\/v2\/media?parent=164"}],"wp:term":[{"taxonomy":"category","embeddable":true,"href":"https:\/\/www.steminnature.online\/lt\/wp-json\/wp\/v2\/categories?post=164"},{"taxonomy":"post_tag","embeddable":true,"href":"https:\/\/www.steminnature.online\/lt\/wp-json\/wp\/v2\/tags?post=164"}],"curies":[{"name":"wp","href":"https:\/\/api.w.org\/{rel}","templated":true}]}}